{"id":2502,"date":"2021-03-08T10:23:37","date_gmt":"2021-03-08T09:23:37","guid":{"rendered":"https:\/\/procenter.habitissimo.es\/?p=2502"},"modified":"2024-12-23T11:10:41","modified_gmt":"2024-12-23T10:10:41","slug":"5-retos-para-la-mujer-en-el-sector-de-la-reforma","status":"publish","type":"post","link":"https:\/\/www.habitissimo.es\/procenter\/noticias\/5-retos-para-la-mujer-en-el-sector-de-la-reforma\/","title":{"rendered":"5 retos para la mujer en el sector de la reforma"},"content":{"rendered":"\n<p>8 de marzo, <strong>D\u00eda Internacional de la Mujer<\/strong>. Es ah\u00ed cuando se ponen sobre la mesa las <strong>dificultades que el sector femenino encuentra en determinados sectores <\/strong>que son considerados err\u00f3neamente como espacios masculinos. Este es el caso del sector de la reforma y la rehabilitaci\u00f3n y es entonces cuando aparecen ciertos <strong>retos <\/strong>o barreras que hoy en d\u00eda, en pleno siglo XXI, todav\u00eda debe salvar la mujer para ser considerada <strong>igual que sus compa\u00f1eros hombres<\/strong>.<\/p>\n\n\n\n<p>Pese a todo, poco a poco se va avanzando en la sociedad. Bastan estos datos: el 87% de los profesionales encuestados usuarios de habitissimo son hombres, cuando en el a\u00f1o 2019 representaban el 91%. Una buena noticia para la igualdad, que pone de manifiesto<strong> el crecimiento de la proporci\u00f3n del 44%<\/strong>, al pasar del 9% al 13%, <strong>en las mujeres registradas como profesionales en habitissimo.<\/strong><\/p>\n\n\n\n<h2 class=\"wp-block-heading\">\u00bfUn mundo solo masculino?<\/h2>\n\n\n\n<p>El primer gran obst\u00e1culo al que se enfrentan las mujeres en este \u00e1mbito laboral tiene que ver con los <strong>roles ya establecidos<\/strong> (que no quiere decir que sean justos). Es por ello que por desgracia hay m\u00e1s mujeres, por ejemplo, en tareas de limpieza de final de obra que encarg\u00e1ndose de la ejecuci\u00f3n de la misma.<\/p>\n\n\n\n<p>Junto a estos roles mal entendidos, otro de los retos tiene que ver con los <strong>falsos mitos que creen<\/strong> (sobre todo algunos hombres y tambi\u00e9n mujeres) en relaci\u00f3n a que ellas no puedan desempe\u00f1ar esos mismos trabajos. Se alude en ocasiones a que no son capaces de soportar la presi\u00f3n y el estr\u00e9s de este tipo de empleos o que no tienen la misma fuerza f\u00edsica que un hombre para llevarlos a cabo. Sin embargo, si uno se para a pensar, en la mayor\u00eda de los casos son trabajos donde <strong>lo importante es la destreza y eso puede hacerlo una mujer.<\/strong><\/p>\n\n\n\n<p>El tercer reto tiene que ver con la idea, err\u00f3neamente extendida, de que la sola presencia de una mujer entre un grupo de hombres puede <strong>perturbar y provocar cierto clima laboral.<\/strong> Algo que a todas luces <strong>no se sostiene con ning\u00fan argumento v\u00e1lido<\/strong>. Junto a esto \u00faltimo, otra de las barreras que una mujer debe superar en el sector de la reforma tiene que ver con otros aspectos igualmente sin sentido alguno cuando se alega que no hay vestuarios espec\u00edficos para ellas en ciertos espacios del mundo de la construcci\u00f3n.<\/p>\n\n\n\n<p>Por si fueran pocos los retos que cada d\u00eda deben derribar las mujeres que desempe\u00f1an su labor profesional en el sector de las reformas, se a\u00f1ade uno \u00faltimo: no se las contrata, ya no solo por esas ideas preconcebidas que nada tienen que ver con la realidad. Tampoco se les da una oportunidad ya que se les considera una<strong> mano de obra m\u00e1s cara<\/strong> en comparaci\u00f3n con sus compa\u00f1eros ya que ellas en alg\u00fan momento de su vida quiz\u00e1 se ausenten por tener o cuidar de un hijo. <\/p>\n\n\n\n<h2 class=\"wp-block-heading\">\u00bfHacia d\u00f3nde vamos?<\/h2>\n\n\n\n<p>Afortunadamente hay muchas mujeres muy valiosas en este campo y la sociedad va poco a poco <strong>evolucionando <\/strong>en esta mentalidad. Es entonces turno para que las empresas visibilicen a las mujeres que trabajan en el sector de la reforma, facilitando su empoderamiento o garantizando una igualdad de condiciones a la hora de acceder a los mismos puestos de trabajo que un hombre. <\/p>\n\n\n\n<p>Un nuevo escenario donde tambi\u00e9n entrar\u00edan nuevas medidas de <strong>conciliaci\u00f3n entre la vida familiar y la profesional<\/strong>. Algo que por desgracia no es solo exclusivo de este \u00e1mbito laboral y donde pese a todo queda mucho camino por recorrer. Y es que todav\u00eda sigue siendo mayor el porcentaje de mujeres que reducen su horario laboral para cuidar de sus hijos, piden una excedencia para poder atenderles (sobre todo cuando son menores) o directamente renuncian por completo a seguir con su carrera profesional y cuando quieren retomarla quiz\u00e1 sea ya tarde.<\/p>\n","protected":false},"excerpt":{"rendered":"<p>8 de marzo, D\u00eda Internacional de la Mujer. Es ah\u00ed cuando se ponen sobre la mesa las dificultades que el sector femenino encuentra en determinados sectores que son considerados err\u00f3neamente...<\/p>\n","protected":false},"author":19,"featured_media":2503,"comment_status":"open","ping_status":"open","sticky":false,"template":"","format":"standard","meta":{"_acf_changed":false,"footnotes":""},"categories":[399],"tags":[79,138],"class_list":["post-2502","post","type-post","status-publish","format-standard","has-post-thumbnail","hentry","category-noticias","tag-consejos","tag-igualdad"],"acf":[],"yoast_head":"<!-- This site is optimized with the Yoast SEO plugin v26.5 - https:\/\/yoast.com\/wordpress\/plugins\/seo\/ -->\n<title>5 retos para la mujer en el sector de la reforma | Habitissimo<\/title>\n<meta name=\"description\" content=\"8 de marzo, D\u00eda Internacional de la Mujer. Es ah\u00ed cuando se ponen sobre la mesa las dificultades que el sector femenino encuentra en determinados\" \/>\n<meta name=\"robots\" content=\"index, follow, max-snippet:-1, max-image-preview:large, max-video-preview:-1\" \/>\n<link rel=\"canonical\" href=\"https:\/\/www.habitissimo.es\/procenter\/noticias\/5-retos-para-la-mujer-en-el-sector-de-la-reforma\/\" \/>\n<meta property=\"og:locale\" content=\"es_ES\" \/>\n<meta property=\"og:type\" content=\"article\" \/>\n<meta property=\"og:title\" content=\"5 retos para la mujer en el sector de la reforma | Habitissimo\" \/>\n<meta property=\"og:description\" content=\"8 de marzo, D\u00eda Internacional de la Mujer. Es ah\u00ed cuando se ponen sobre la mesa las dificultades que el sector femenino encuentra en determinados\" \/>\n<meta property=\"og:url\" content=\"https:\/\/www.habitissimo.es\/procenter\/noticias\/5-retos-para-la-mujer-en-el-sector-de-la-reforma\/\" \/>\n<meta property=\"og:site_name\" content=\"Habitissimo\" \/>\n<meta property=\"article:publisher\" content=\"https:\/\/www.facebook.com\/habitissimo\/\" \/>\n<meta property=\"article:published_time\" content=\"2021-03-08T09:23:37+00:00\" \/>\n<meta property=\"article:modified_time\" content=\"2024-12-23T10:10:41+00:00\" \/>\n<meta property=\"og:image\" content=\"https:\/\/www.habitissimo.es\/procenter\/wp-content\/uploads\/2021\/03\/industrial-1636397_640.jpg\" \/>\n\t<meta property=\"og:image:width\" content=\"640\" \/>\n\t<meta property=\"og:image:height\" content=\"428\" \/>\n\t<meta property=\"og:image:type\" content=\"image\/jpeg\" \/>\n<meta name=\"author\" content=\"Victoria Herrero\" \/>\n<meta name=\"twitter:card\" content=\"summary_large_image\" \/>\n<meta name=\"twitter:creator\" content=\"@habitissimo\" \/>\n<meta name=\"twitter:site\" content=\"@habitissimo\" \/>\n<meta name=\"twitter:label1\" content=\"Escrito por\" \/>\n\t<meta name=\"twitter:data1\" content=\"Victoria Herrero\" \/>\n\t<meta name=\"twitter:label2\" content=\"Tiempo de lectura\" \/>\n\t<meta name=\"twitter:data2\" content=\"3 minutos\" \/>\n<script type=\"application\/ld+json\" class=\"yoast-schema-graph\">{\"@context\":\"https:\/\/schema.org\",\"@graph\":[{\"@type\":\"Article\",\"@id\":\"https:\/\/www.habitissimo.es\/procenter\/noticias\/5-retos-para-la-mujer-en-el-sector-de-la-reforma\/#article\",\"isPartOf\":{\"@id\":\"https:\/\/www.habitissimo.es\/procenter\/noticias\/5-retos-para-la-mujer-en-el-sector-de-la-reforma\/\"},\"author\":{\"name\":\"Victoria Herrero\",\"@id\":\"https:\/\/www.habitissimo.es\/procenter\/#\/schema\/person\/57e9c8de1b455b437b161400d0099b82\"},\"headline\":\"5 retos para la mujer en el sector de la reforma\",\"datePublished\":\"2021-03-08T09:23:37+00:00\",\"dateModified\":\"2024-12-23T10:10:41+00:00\",\"mainEntityOfPage\":{\"@id\":\"https:\/\/www.habitissimo.es\/procenter\/noticias\/5-retos-para-la-mujer-en-el-sector-de-la-reforma\/\"},\"wordCount\":673,\"commentCount\":0,\"publisher\":{\"@id\":\"https:\/\/www.habitissimo.es\/procenter\/#organization\"},\"image\":{\"@id\":\"https:\/\/www.habitissimo.es\/procenter\/noticias\/5-retos-para-la-mujer-en-el-sector-de-la-reforma\/#primaryimage\"},\"thumbnailUrl\":\"https:\/\/www.habitissimo.es\/procenter\/wp-content\/uploads\/2021\/03\/industrial-1636397_640.jpg?wsr\",\"keywords\":[\"Consejos\",\"Igualdad\"],\"articleSection\":[\"Noticias\"],\"inLanguage\":\"es\",\"potentialAction\":[{\"@type\":\"CommentAction\",\"name\":\"Comment\",\"target\":[\"https:\/\/www.habitissimo.es\/procenter\/noticias\/5-retos-para-la-mujer-en-el-sector-de-la-reforma\/#respond\"]}]},{\"@type\":\"WebPage\",\"@id\":\"https:\/\/www.habitissimo.es\/procenter\/noticias\/5-retos-para-la-mujer-en-el-sector-de-la-reforma\/\",\"url\":\"https:\/\/www.habitissimo.es\/procenter\/noticias\/5-retos-para-la-mujer-en-el-sector-de-la-reforma\/\",\"name\":\"5 retos para la mujer en el sector de la reforma | Habitissimo\",\"isPartOf\":{\"@id\":\"https:\/\/www.habitissimo.es\/procenter\/#website\"},\"primaryImageOfPage\":{\"@id\":\"https:\/\/www.habitissimo.es\/procenter\/noticias\/5-retos-para-la-mujer-en-el-sector-de-la-reforma\/#primaryimage\"},\"image\":{\"@id\":\"https:\/\/www.habitissimo.es\/procenter\/noticias\/5-retos-para-la-mujer-en-el-sector-de-la-reforma\/#primaryimage\"},\"thumbnailUrl\":\"https:\/\/www.habitissimo.es\/procenter\/wp-content\/uploads\/2021\/03\/industrial-1636397_640.jpg?wsr\",\"datePublished\":\"2021-03-08T09:23:37+00:00\",\"dateModified\":\"2024-12-23T10:10:41+00:00\",\"description\":\"8 de marzo, D\u00eda Internacional de la Mujer. Es ah\u00ed cuando se ponen sobre la mesa las dificultades que el sector femenino encuentra en determinados\",\"breadcrumb\":{\"@id\":\"https:\/\/www.habitissimo.es\/procenter\/noticias\/5-retos-para-la-mujer-en-el-sector-de-la-reforma\/#breadcrumb\"},\"inLanguage\":\"es\",\"potentialAction\":[{\"@type\":\"ReadAction\",\"target\":[\"https:\/\/www.habitissimo.es\/procenter\/noticias\/5-retos-para-la-mujer-en-el-sector-de-la-reforma\/\"]}]},{\"@type\":\"ImageObject\",\"inLanguage\":\"es\",\"@id\":\"https:\/\/www.habitissimo.es\/procenter\/noticias\/5-retos-para-la-mujer-en-el-sector-de-la-reforma\/#primaryimage\",\"url\":\"https:\/\/www.habitissimo.es\/procenter\/wp-content\/uploads\/2021\/03\/industrial-1636397_640.jpg?wsr\",\"contentUrl\":\"https:\/\/www.habitissimo.es\/procenter\/wp-content\/uploads\/2021\/03\/industrial-1636397_640.jpg?wsr\",\"width\":640,\"height\":428},{\"@type\":\"BreadcrumbList\",\"@id\":\"https:\/\/www.habitissimo.es\/procenter\/noticias\/5-retos-para-la-mujer-en-el-sector-de-la-reforma\/#breadcrumb\",\"itemListElement\":[{\"@type\":\"ListItem\",\"position\":1,\"name\":\"Inicio\",\"item\":\"https:\/\/www.habitissimo.es\/procenter\/\"},{\"@type\":\"ListItem\",\"position\":2,\"name\":\"Noticias\",\"item\":\"https:\/\/www.habitissimo.es\/procenter\/noticias\/\"},{\"@type\":\"ListItem\",\"position\":3,\"name\":\"5 retos para la mujer en el sector de la reforma\"}]},{\"@type\":\"WebSite\",\"@id\":\"https:\/\/www.habitissimo.es\/procenter\/#website\",\"url\":\"https:\/\/www.habitissimo.es\/procenter\/\",\"name\":\"Habitissimo\",\"description\":\"Reformas y Servicios para el Hogar\",\"publisher\":{\"@id\":\"https:\/\/www.habitissimo.es\/procenter\/#organization\"},\"potentialAction\":[{\"@type\":\"SearchAction\",\"target\":{\"@type\":\"EntryPoint\",\"urlTemplate\":\"https:\/\/www.habitissimo.es\/procenter\/?s={search_term_string}\"},\"query-input\":{\"@type\":\"PropertyValueSpecification\",\"valueRequired\":true,\"valueName\":\"search_term_string\"}}],\"inLanguage\":\"es\"},{\"@type\":\"Organization\",\"@id\":\"https:\/\/www.habitissimo.es\/procenter\/#organization\",\"name\":\"Habitissimo Pro Center\",\"url\":\"https:\/\/www.habitissimo.es\/procenter\/\",\"logo\":{\"@type\":\"ImageObject\",\"inLanguage\":\"es\",\"@id\":\"https:\/\/www.habitissimo.es\/procenter\/#\/schema\/logo\/image\/\",\"url\":\"https:\/\/www.habitissimo.es\/procenter\/wp-content\/uploads\/2020\/05\/logo_pro_center_tagline-1.png\",\"contentUrl\":\"https:\/\/www.habitissimo.es\/procenter\/wp-content\/uploads\/2020\/05\/logo_pro_center_tagline-1.png\",\"width\":243,\"height\":41,\"caption\":\"Habitissimo Pro Center\"},\"image\":{\"@id\":\"https:\/\/www.habitissimo.es\/procenter\/#\/schema\/logo\/image\/\"},\"sameAs\":[\"https:\/\/www.facebook.com\/habitissimo\/\",\"https:\/\/x.com\/habitissimo\",\"https:\/\/www.instagram.com\/habitissimo\",\"https:\/\/www.pinterest.com\/habitissimo\/\",\"https:\/\/www.youtube.com\/user\/habitissimo\"]},{\"@type\":\"Person\",\"@id\":\"https:\/\/www.habitissimo.es\/procenter\/#\/schema\/person\/57e9c8de1b455b437b161400d0099b82\",\"name\":\"Victoria Herrero\",\"image\":{\"@type\":\"ImageObject\",\"inLanguage\":\"es\",\"@id\":\"https:\/\/www.habitissimo.es\/procenter\/#\/schema\/person\/image\/\",\"url\":\"https:\/\/secure.gravatar.com\/avatar\/5cf354948b77113994737968449b198ba6c6a38312d1df2cecd4070ff6b28b81?s=96&d=mm&r=g\",\"contentUrl\":\"https:\/\/secure.gravatar.com\/avatar\/5cf354948b77113994737968449b198ba6c6a38312d1df2cecd4070ff6b28b81?s=96&d=mm&r=g\",\"caption\":\"Victoria Herrero\"},\"url\":\"https:\/\/www.habitissimo.es\/procenter\/author\/vherrero\/\"}]}<\/script>\n<!-- \/ Yoast SEO plugin. -->","yoast_head_json":{"title":"5 retos para la mujer en el sector de la reforma | Habitissimo","description":"8 de marzo, D\u00eda Internacional de la Mujer. Es ah\u00ed cuando se ponen sobre la mesa las dificultades que el sector femenino encuentra en determinados","robots":{"index":"index","follow":"follow","max-snippet":"max-snippet:-1","max-image-preview":"max-image-preview:large","max-video-preview":"max-video-preview:-1"},"canonical":"https:\/\/www.habitissimo.es\/procenter\/noticias\/5-retos-para-la-mujer-en-el-sector-de-la-reforma\/","og_locale":"es_ES","og_type":"article","og_title":"5 retos para la mujer en el sector de la reforma | Habitissimo","og_description":"8 de marzo, D\u00eda Internacional de la Mujer. Es ah\u00ed cuando se ponen sobre la mesa las dificultades que el sector femenino encuentra en determinados","og_url":"https:\/\/www.habitissimo.es\/procenter\/noticias\/5-retos-para-la-mujer-en-el-sector-de-la-reforma\/","og_site_name":"Habitissimo","article_publisher":"https:\/\/www.facebook.com\/habitissimo\/","article_published_time":"2021-03-08T09:23:37+00:00","article_modified_time":"2024-12-23T10:10:41+00:00","og_image":[{"width":640,"height":428,"url":"https:\/\/www.habitissimo.es\/procenter\/wp-content\/uploads\/2021\/03\/industrial-1636397_640.jpg","type":"image\/jpeg"}],"author":"Victoria Herrero","twitter_card":"summary_large_image","twitter_creator":"@habitissimo","twitter_site":"@habitissimo","twitter_misc":{"Escrito por":"Victoria Herrero","Tiempo de lectura":"3 minutos"},"schema":{"@context":"https:\/\/schema.org","@graph":[{"@type":"Article","@id":"https:\/\/www.habitissimo.es\/procenter\/noticias\/5-retos-para-la-mujer-en-el-sector-de-la-reforma\/#article","isPartOf":{"@id":"https:\/\/www.habitissimo.es\/procenter\/noticias\/5-retos-para-la-mujer-en-el-sector-de-la-reforma\/"},"author":{"name":"Victoria Herrero","@id":"https:\/\/www.habitissimo.es\/procenter\/#\/schema\/person\/57e9c8de1b455b437b161400d0099b82"},"headline":"5 retos para la mujer en el sector de la reforma","datePublished":"2021-03-08T09:23:37+00:00","dateModified":"2024-12-23T10:10:41+00:00","mainEntityOfPage":{"@id":"https:\/\/www.habitissimo.es\/procenter\/noticias\/5-retos-para-la-mujer-en-el-sector-de-la-reforma\/"},"wordCount":673,"commentCount":0,"publisher":{"@id":"https:\/\/www.habitissimo.es\/procenter\/#organization"},"image":{"@id":"https:\/\/www.habitissimo.es\/procenter\/noticias\/5-retos-para-la-mujer-en-el-sector-de-la-reforma\/#primaryimage"},"thumbnailUrl":"https:\/\/www.habitissimo.es\/procenter\/wp-content\/uploads\/2021\/03\/industrial-1636397_640.jpg?wsr","keywords":["Consejos","Igualdad"],"articleSection":["Noticias"],"inLanguage":"es","potentialAction":[{"@type":"CommentAction","name":"Comment","target":["https:\/\/www.habitissimo.es\/procenter\/noticias\/5-retos-para-la-mujer-en-el-sector-de-la-reforma\/#respond"]}]},{"@type":"WebPage","@id":"https:\/\/www.habitissimo.es\/procenter\/noticias\/5-retos-para-la-mujer-en-el-sector-de-la-reforma\/","url":"https:\/\/www.habitissimo.es\/procenter\/noticias\/5-retos-para-la-mujer-en-el-sector-de-la-reforma\/","name":"5 retos para la mujer en el sector de la reforma | Habitissimo","isPartOf":{"@id":"https:\/\/www.habitissimo.es\/procenter\/#website"},"primaryImageOfPage":{"@id":"https:\/\/www.habitissimo.es\/procenter\/noticias\/5-retos-para-la-mujer-en-el-sector-de-la-reforma\/#primaryimage"},"image":{"@id":"https:\/\/www.habitissimo.es\/procenter\/noticias\/5-retos-para-la-mujer-en-el-sector-de-la-reforma\/#primaryimage"},"thumbnailUrl":"https:\/\/www.habitissimo.es\/procenter\/wp-content\/uploads\/2021\/03\/industrial-1636397_640.jpg?wsr","datePublished":"2021-03-08T09:23:37+00:00","dateModified":"2024-12-23T10:10:41+00:00","description":"8 de marzo, D\u00eda Internacional de la Mujer. Es ah\u00ed cuando se ponen sobre la mesa las dificultades que el sector femenino encuentra en determinados","breadcrumb":{"@id":"https:\/\/www.habitissimo.es\/procenter\/noticias\/5-retos-para-la-mujer-en-el-sector-de-la-reforma\/#breadcrumb"},"inLanguage":"es","potentialAction":[{"@type":"ReadAction","target":["https:\/\/www.habitissimo.es\/procenter\/noticias\/5-retos-para-la-mujer-en-el-sector-de-la-reforma\/"]}]},{"@type":"ImageObject","inLanguage":"es","@id":"https:\/\/www.habitissimo.es\/procenter\/noticias\/5-retos-para-la-mujer-en-el-sector-de-la-reforma\/#primaryimage","url":"https:\/\/www.habitissimo.es\/procenter\/wp-content\/uploads\/2021\/03\/industrial-1636397_640.jpg?wsr","contentUrl":"https:\/\/www.habitissimo.es\/procenter\/wp-content\/uploads\/2021\/03\/industrial-1636397_640.jpg?wsr","width":640,"height":428},{"@type":"BreadcrumbList","@id":"https:\/\/www.habitissimo.es\/procenter\/noticias\/5-retos-para-la-mujer-en-el-sector-de-la-reforma\/#breadcrumb","itemListElement":[{"@type":"ListItem","position":1,"name":"Inicio","item":"https:\/\/www.habitissimo.es\/procenter\/"},{"@type":"ListItem","position":2,"name":"Noticias","item":"https:\/\/www.habitissimo.es\/procenter\/noticias\/"},{"@type":"ListItem","position":3,"name":"5 retos para la mujer en el sector de la reforma"}]},{"@type":"WebSite","@id":"https:\/\/www.habitissimo.es\/procenter\/#website","url":"https:\/\/www.habitissimo.es\/procenter\/","name":"Habitissimo","description":"Reformas y Servicios para el Hogar","publisher":{"@id":"https:\/\/www.habitissimo.es\/procenter\/#organization"},"potentialAction":[{"@type":"SearchAction","target":{"@type":"EntryPoint","urlTemplate":"https:\/\/www.habitissimo.es\/procenter\/?s={search_term_string}"},"query-input":{"@type":"PropertyValueSpecification","valueRequired":true,"valueName":"search_term_string"}}],"inLanguage":"es"},{"@type":"Organization","@id":"https:\/\/www.habitissimo.es\/procenter\/#organization","name":"Habitissimo Pro Center","url":"https:\/\/www.habitissimo.es\/procenter\/","logo":{"@type":"ImageObject","inLanguage":"es","@id":"https:\/\/www.habitissimo.es\/procenter\/#\/schema\/logo\/image\/","url":"https:\/\/www.habitissimo.es\/procenter\/wp-content\/uploads\/2020\/05\/logo_pro_center_tagline-1.png","contentUrl":"https:\/\/www.habitissimo.es\/procenter\/wp-content\/uploads\/2020\/05\/logo_pro_center_tagline-1.png","width":243,"height":41,"caption":"Habitissimo Pro Center"},"image":{"@id":"https:\/\/www.habitissimo.es\/procenter\/#\/schema\/logo\/image\/"},"sameAs":["https:\/\/www.facebook.com\/habitissimo\/","https:\/\/x.com\/habitissimo","https:\/\/www.instagram.com\/habitissimo","https:\/\/www.pinterest.com\/habitissimo\/","https:\/\/www.youtube.com\/user\/habitissimo"]},{"@type":"Person","@id":"https:\/\/www.habitissimo.es\/procenter\/#\/schema\/person\/57e9c8de1b455b437b161400d0099b82","name":"Victoria Herrero","image":{"@type":"ImageObject","inLanguage":"es","@id":"https:\/\/www.habitissimo.es\/procenter\/#\/schema\/person\/image\/","url":"https:\/\/secure.gravatar.com\/avatar\/5cf354948b77113994737968449b198ba6c6a38312d1df2cecd4070ff6b28b81?s=96&d=mm&r=g","contentUrl":"https:\/\/secure.gravatar.com\/avatar\/5cf354948b77113994737968449b198ba6c6a38312d1df2cecd4070ff6b28b81?s=96&d=mm&r=g","caption":"Victoria Herrero"},"url":"https:\/\/www.habitissimo.es\/procenter\/author\/vherrero\/"}]}},"_links":{"self":[{"href":"https:\/\/www.habitissimo.es\/procenter\/wp-json\/wp\/v2\/posts\/2502","targetHints":{"allow":["GET"]}}],"collection":[{"href":"https:\/\/www.habitissimo.es\/procenter\/wp-json\/wp\/v2\/posts"}],"about":[{"href":"https:\/\/www.habitissimo.es\/procenter\/wp-json\/wp\/v2\/types\/post"}],"author":[{"embeddable":true,"href":"https:\/\/www.habitissimo.es\/procenter\/wp-json\/wp\/v2\/users\/19"}],"replies":[{"embeddable":true,"href":"https:\/\/www.habitissimo.es\/procenter\/wp-json\/wp\/v2\/comments?post=2502"}],"version-history":[{"count":1,"href":"https:\/\/www.habitissimo.es\/procenter\/wp-json\/wp\/v2\/posts\/2502\/revisions"}],"predecessor-version":[{"id":2808,"href":"https:\/\/www.habitissimo.es\/procenter\/wp-json\/wp\/v2\/posts\/2502\/revisions\/2808"}],"wp:featuredmedia":[{"embeddable":true,"href":"https:\/\/www.habitissimo.es\/procenter\/wp-json\/wp\/v2\/media\/2503"}],"wp:attachment":[{"href":"https:\/\/www.habitissimo.es\/procenter\/wp-json\/wp\/v2\/media?parent=2502"}],"wp:term":[{"taxonomy":"category","embeddable":true,"href":"https:\/\/www.habitissimo.es\/procenter\/wp-json\/wp\/v2\/categories?post=2502"},{"taxonomy":"post_tag","embeddable":true,"href":"https:\/\/www.habitissimo.es\/procenter\/wp-json\/wp\/v2\/tags?post=2502"}],"curies":[{"name":"wp","href":"https:\/\/api.w.org\/{rel}","templated":true}]}}