{"id":2709,"date":"2020-10-21T08:00:00","date_gmt":"2020-10-21T06:00:00","guid":{"rendered":"https:\/\/procenter.habitissimo.es\/?p=1626"},"modified":"2024-12-23T11:14:10","modified_gmt":"2024-12-23T10:14:10","slug":"informe-trimestral-sobre-la-reforma-q3-2","status":"publish","type":"post","link":"https:\/\/www.habitissimo.es\/procenter\/noticias\/informe-trimestral-sobre-la-reforma-q3-2\/","title":{"rendered":"Informe trimestral sobre la Reforma - 3T"},"content":{"rendered":"\n<figure class=\"wp-block-image size-large\"><img loading=\"lazy\" decoding=\"async\" width=\"1024\" height=\"576\" src=\"https:\/\/www.habitissimo.es\/procenter\/wp-content\/uploads\/2020\/10\/infografi\u0301a-informe-trimestral-Jul-Ago-Sep-2020-3-1024x576.jpg\" alt=\"\" class=\"wp-image-1654\" srcset=\"https:\/\/www.habitissimo.es\/procenter\/wp-content\/uploads\/2020\/10\/infografi\u0301a-informe-trimestral-Jul-Ago-Sep-2020-3-1024x576.jpg 1024w, https:\/\/www.habitissimo.es\/procenter\/wp-content\/uploads\/2020\/10\/infografi\u0301a-informe-trimestral-Jul-Ago-Sep-2020-3-444x250.jpg 444w, https:\/\/www.habitissimo.es\/procenter\/wp-content\/uploads\/2020\/10\/infografi\u0301a-informe-trimestral-Jul-Ago-Sep-2020-3-150x84.jpg 150w, https:\/\/www.habitissimo.es\/procenter\/wp-content\/uploads\/2020\/10\/infografi\u0301a-informe-trimestral-Jul-Ago-Sep-2020-3-768x432.jpg 768w, https:\/\/www.habitissimo.es\/procenter\/wp-content\/uploads\/2020\/10\/infografi\u0301a-informe-trimestral-Jul-Ago-Sep-2020-3-1536x864.jpg 1536w, https:\/\/www.habitissimo.es\/procenter\/wp-content\/uploads\/2020\/10\/infografi\u0301a-informe-trimestral-Jul-Ago-Sep-2020-3.jpg 1920w\" sizes=\"auto, (max-width: 1024px) 100vw, 1024px\" \/><\/figure>\n\n\n\n<p>habitissimo ha elaborado su&nbsp;<a href=\"https:\/\/www.habitissimo.es\/procenter\/wp-content\/uploads\/2020\/10\/Informe-Trimestral-2.pdf\">Informe trimestral sobre la Reforma - 3T<\/a>. Adjuntamos algunas de sus conclusiones:<\/p>\n\n\n\n<ul class=\"wp-block-list\"><li>El n\u00famero de solicitudes recibidas en habitissimo este trimestre se ha incrementado un 23% respecto al mismo periodo del a\u00f1o 2019.<\/li><li>La pandemia por COVID-19 ha cambiado las costumbres y modos de desarrollar el d\u00eda a d\u00eda de forma generalizada y eso ha tenido una repercusi\u00f3n directa en el sector de la reforma y rehabilitaci\u00f3n.<\/li><li>Los trabajos que m\u00e1s se han demandado en el tercer trimestre son fundamentalmente trabajos de construcci\u00f3n o reforma integral o parcial de los inmuebles, que representan un 54% de las solicitudes.<\/li><li>De la totalidad de solicitudes correspondientes a este tercer trimestre, s\u00f3lo un 12% ha tenido relaci\u00f3n directa con la mejora de&nbsp; la eficiencia energ\u00e9tica de la vivienda. Por tanto, existe todav\u00eda,mucho camino por recorrer dentro del campo de la eficiencia energ\u00e9tica en los hogares espa\u00f1oles, lo que representa una clara oportunidad de crecimiento para el sector y a la vez una necesidad para conseguir avanzar en el cumplimiento de los objetivos ambientales generales de nuestro pa\u00eds.<\/li><li>La tendencia en el uso del entorno digital por parte del&nbsp; usuario final, en el \u00e1mbito de la reforma y rehabilitaci\u00f3n, va en aumento. En cambio, por parte de los profesionales del sector, si bien tambi\u00e9n utilizan de forma creciente las herramientas digitales, no est\u00e1n actuando como impulsores de la transformaci\u00f3n digital ante sus clientes, lo cual es imprescindible para atender adecuadamente sus necesidades en el contexto actual, adem\u00e1s de una oportunidad evidente de mejora y diferenciaci\u00f3n ante sus competidores.<\/li><\/ul>\n","protected":false},"excerpt":{"rendered":"<p>habitissimo ha elaborado su&nbsp;Informe trimestral sobre la Reforma - 3T. Adjuntamos algunas de sus conclusiones: El n\u00famero de solicitudes recibidas en habitissimo este trimestre se ha incrementado un 23% respecto...<\/p>\n","protected":false},"author":7,"featured_media":1660,"comment_status":"open","ping_status":"open","sticky":false,"template":"","format":"standard","meta":{"_acf_changed":false,"footnotes":""},"categories":[399],"tags":[],"class_list":["post-2709","post","type-post","status-publish","format-standard","has-post-thumbnail","hentry","category-noticias"],"acf":[],"yoast_head":"<!-- This site is optimized with the Yoast SEO plugin v26.5 - https:\/\/yoast.com\/wordpress\/plugins\/seo\/ -->\n<title>Informe trimestral sobre la Reforma - 3T | Habitissimo<\/title>\n<meta name=\"description\" content=\"habitissimo ha elaborado su&nbsp;Informe trimestral sobre la Reforma - 3T. Adjuntamos algunas de sus conclusiones:  El n\u00famero de solicitudes\" \/>\n<meta name=\"robots\" content=\"index, follow, max-snippet:-1, max-image-preview:large, max-video-preview:-1\" \/>\n<link rel=\"canonical\" href=\"https:\/\/www.habitissimo.es\/procenter\/noticias\/informe-trimestral-sobre-la-reforma-q3-2\/\" \/>\n<meta property=\"og:locale\" content=\"es_ES\" \/>\n<meta property=\"og:type\" content=\"article\" \/>\n<meta property=\"og:title\" content=\"Informe trimestral sobre la Reforma - 3T | Habitissimo\" \/>\n<meta property=\"og:description\" content=\"habitissimo ha elaborado su&nbsp;Informe trimestral sobre la Reforma - 3T. Adjuntamos algunas de sus conclusiones:  El n\u00famero de solicitudes\" \/>\n<meta property=\"og:url\" content=\"https:\/\/www.habitissimo.es\/procenter\/noticias\/informe-trimestral-sobre-la-reforma-q3-2\/\" \/>\n<meta property=\"og:site_name\" content=\"Habitissimo\" \/>\n<meta property=\"article:publisher\" content=\"https:\/\/www.facebook.com\/habitissimo\/\" \/>\n<meta property=\"article:published_time\" content=\"2020-10-21T06:00:00+00:00\" \/>\n<meta property=\"article:modified_time\" content=\"2024-12-23T10:14:10+00:00\" \/>\n<meta property=\"og:image\" content=\"https:\/\/www.habitissimo.es\/procenter\/wp-content\/uploads\/2020\/10\/caratula-procenter3t.png\" \/>\n\t<meta property=\"og:image:width\" content=\"1920\" \/>\n\t<meta property=\"og:image:height\" content=\"935\" \/>\n\t<meta property=\"og:image:type\" content=\"image\/png\" \/>\n<meta name=\"author\" content=\"caloy\" \/>\n<meta name=\"twitter:card\" content=\"summary_large_image\" \/>\n<meta name=\"twitter:creator\" content=\"@habitissimo\" \/>\n<meta name=\"twitter:site\" content=\"@habitissimo\" \/>\n<meta name=\"twitter:label1\" content=\"Escrito por\" \/>\n\t<meta name=\"twitter:data1\" content=\"caloy\" \/>\n\t<meta name=\"twitter:label2\" content=\"Tiempo de lectura\" \/>\n\t<meta name=\"twitter:data2\" content=\"2 minutos\" \/>\n<script type=\"application\/ld+json\" class=\"yoast-schema-graph\">{\"@context\":\"https:\/\/schema.org\",\"@graph\":[{\"@type\":\"Article\",\"@id\":\"https:\/\/www.habitissimo.es\/procenter\/noticias\/informe-trimestral-sobre-la-reforma-q3-2\/#article\",\"isPartOf\":{\"@id\":\"https:\/\/www.habitissimo.es\/procenter\/noticias\/informe-trimestral-sobre-la-reforma-q3-2\/\"},\"author\":{\"name\":\"caloy\",\"@id\":\"https:\/\/www.habitissimo.es\/procenter\/#\/schema\/person\/0ec181df0a8601a41d97247f212f6197\"},\"headline\":\"Informe trimestral sobre la Reforma - 3T\",\"datePublished\":\"2020-10-21T06:00:00+00:00\",\"dateModified\":\"2024-12-23T10:14:10+00:00\",\"mainEntityOfPage\":{\"@id\":\"https:\/\/www.habitissimo.es\/procenter\/noticias\/informe-trimestral-sobre-la-reforma-q3-2\/\"},\"wordCount\":286,\"commentCount\":0,\"publisher\":{\"@id\":\"https:\/\/www.habitissimo.es\/procenter\/#organization\"},\"image\":{\"@id\":\"https:\/\/www.habitissimo.es\/procenter\/noticias\/informe-trimestral-sobre-la-reforma-q3-2\/#primaryimage\"},\"thumbnailUrl\":\"https:\/\/www.habitissimo.es\/procenter\/wp-content\/uploads\/2020\/10\/caratula-procenter3t.png?wsr\",\"articleSection\":[\"Noticias\"],\"inLanguage\":\"es\",\"potentialAction\":[{\"@type\":\"CommentAction\",\"name\":\"Comment\",\"target\":[\"https:\/\/www.habitissimo.es\/procenter\/noticias\/informe-trimestral-sobre-la-reforma-q3-2\/#respond\"]}]},{\"@type\":\"WebPage\",\"@id\":\"https:\/\/www.habitissimo.es\/procenter\/noticias\/informe-trimestral-sobre-la-reforma-q3-2\/\",\"url\":\"https:\/\/www.habitissimo.es\/procenter\/noticias\/informe-trimestral-sobre-la-reforma-q3-2\/\",\"name\":\"Informe trimestral sobre la Reforma - 3T | Habitissimo\",\"isPartOf\":{\"@id\":\"https:\/\/www.habitissimo.es\/procenter\/#website\"},\"primaryImageOfPage\":{\"@id\":\"https:\/\/www.habitissimo.es\/procenter\/noticias\/informe-trimestral-sobre-la-reforma-q3-2\/#primaryimage\"},\"image\":{\"@id\":\"https:\/\/www.habitissimo.es\/procenter\/noticias\/informe-trimestral-sobre-la-reforma-q3-2\/#primaryimage\"},\"thumbnailUrl\":\"https:\/\/www.habitissimo.es\/procenter\/wp-content\/uploads\/2020\/10\/caratula-procenter3t.png?wsr\",\"datePublished\":\"2020-10-21T06:00:00+00:00\",\"dateModified\":\"2024-12-23T10:14:10+00:00\",\"description\":\"habitissimo ha elaborado su&nbsp;Informe trimestral sobre la Reforma - 3T. Adjuntamos algunas de sus conclusiones: El n\u00famero de solicitudes\",\"breadcrumb\":{\"@id\":\"https:\/\/www.habitissimo.es\/procenter\/noticias\/informe-trimestral-sobre-la-reforma-q3-2\/#breadcrumb\"},\"inLanguage\":\"es\",\"potentialAction\":[{\"@type\":\"ReadAction\",\"target\":[\"https:\/\/www.habitissimo.es\/procenter\/noticias\/informe-trimestral-sobre-la-reforma-q3-2\/\"]}]},{\"@type\":\"ImageObject\",\"inLanguage\":\"es\",\"@id\":\"https:\/\/www.habitissimo.es\/procenter\/noticias\/informe-trimestral-sobre-la-reforma-q3-2\/#primaryimage\",\"url\":\"https:\/\/www.habitissimo.es\/procenter\/wp-content\/uploads\/2020\/10\/caratula-procenter3t.png?wsr\",\"contentUrl\":\"https:\/\/www.habitissimo.es\/procenter\/wp-content\/uploads\/2020\/10\/caratula-procenter3t.png?wsr\",\"width\":1920,\"height\":935},{\"@type\":\"BreadcrumbList\",\"@id\":\"https:\/\/www.habitissimo.es\/procenter\/noticias\/informe-trimestral-sobre-la-reforma-q3-2\/#breadcrumb\",\"itemListElement\":[{\"@type\":\"ListItem\",\"position\":1,\"name\":\"Inicio\",\"item\":\"https:\/\/www.habitissimo.es\/procenter\/\"},{\"@type\":\"ListItem\",\"position\":2,\"name\":\"Noticias\",\"item\":\"https:\/\/www.habitissimo.es\/procenter\/noticias\/\"},{\"@type\":\"ListItem\",\"position\":3,\"name\":\"Informe trimestral sobre la Reforma - 3T\"}]},{\"@type\":\"WebSite\",\"@id\":\"https:\/\/www.habitissimo.es\/procenter\/#website\",\"url\":\"https:\/\/www.habitissimo.es\/procenter\/\",\"name\":\"Habitissimo\",\"description\":\"Reformas y Servicios para el Hogar\",\"publisher\":{\"@id\":\"https:\/\/www.habitissimo.es\/procenter\/#organization\"},\"potentialAction\":[{\"@type\":\"SearchAction\",\"target\":{\"@type\":\"EntryPoint\",\"urlTemplate\":\"https:\/\/www.habitissimo.es\/procenter\/?s={search_term_string}\"},\"query-input\":{\"@type\":\"PropertyValueSpecification\",\"valueRequired\":true,\"valueName\":\"search_term_string\"}}],\"inLanguage\":\"es\"},{\"@type\":\"Organization\",\"@id\":\"https:\/\/www.habitissimo.es\/procenter\/#organization\",\"name\":\"Habitissimo Pro Center\",\"url\":\"https:\/\/www.habitissimo.es\/procenter\/\",\"logo\":{\"@type\":\"ImageObject\",\"inLanguage\":\"es\",\"@id\":\"https:\/\/www.habitissimo.es\/procenter\/#\/schema\/logo\/image\/\",\"url\":\"https:\/\/www.habitissimo.es\/procenter\/wp-content\/uploads\/2020\/05\/logo_pro_center_tagline-1.png\",\"contentUrl\":\"https:\/\/www.habitissimo.es\/procenter\/wp-content\/uploads\/2020\/05\/logo_pro_center_tagline-1.png\",\"width\":243,\"height\":41,\"caption\":\"Habitissimo Pro Center\"},\"image\":{\"@id\":\"https:\/\/www.habitissimo.es\/procenter\/#\/schema\/logo\/image\/\"},\"sameAs\":[\"https:\/\/www.facebook.com\/habitissimo\/\",\"https:\/\/x.com\/habitissimo\",\"https:\/\/www.instagram.com\/habitissimo\",\"https:\/\/www.pinterest.com\/habitissimo\/\",\"https:\/\/www.youtube.com\/user\/habitissimo\"]},{\"@type\":\"Person\",\"@id\":\"https:\/\/www.habitissimo.es\/procenter\/#\/schema\/person\/0ec181df0a8601a41d97247f212f6197\",\"name\":\"caloy\",\"image\":{\"@type\":\"ImageObject\",\"inLanguage\":\"es\",\"@id\":\"https:\/\/www.habitissimo.es\/procenter\/#\/schema\/person\/image\/\",\"url\":\"https:\/\/secure.gravatar.com\/avatar\/5b1ce3cdef485277e7f66270000ecadb606f687bbeae16731ca7ef4ec5be3ed3?s=96&d=mm&r=g\",\"contentUrl\":\"https:\/\/secure.gravatar.com\/avatar\/5b1ce3cdef485277e7f66270000ecadb606f687bbeae16731ca7ef4ec5be3ed3?s=96&d=mm&r=g\",\"caption\":\"caloy\"},\"url\":\"https:\/\/www.habitissimo.es\/procenter\/author\/caloy\/\"}]}<\/script>\n<!-- \/ Yoast SEO plugin. -->","yoast_head_json":{"title":"Informe trimestral sobre la Reforma - 3T | Habitissimo","description":"habitissimo ha elaborado su&nbsp;Informe trimestral sobre la Reforma - 3T. Adjuntamos algunas de sus conclusiones:  El n\u00famero de solicitudes","robots":{"index":"index","follow":"follow","max-snippet":"max-snippet:-1","max-image-preview":"max-image-preview:large","max-video-preview":"max-video-preview:-1"},"canonical":"https:\/\/www.habitissimo.es\/procenter\/noticias\/informe-trimestral-sobre-la-reforma-q3-2\/","og_locale":"es_ES","og_type":"article","og_title":"Informe trimestral sobre la Reforma - 3T | Habitissimo","og_description":"habitissimo ha elaborado su&nbsp;Informe trimestral sobre la Reforma - 3T. Adjuntamos algunas de sus conclusiones:  El n\u00famero de solicitudes","og_url":"https:\/\/www.habitissimo.es\/procenter\/noticias\/informe-trimestral-sobre-la-reforma-q3-2\/","og_site_name":"Habitissimo","article_publisher":"https:\/\/www.facebook.com\/habitissimo\/","article_published_time":"2020-10-21T06:00:00+00:00","article_modified_time":"2024-12-23T10:14:10+00:00","og_image":[{"width":1920,"height":935,"url":"https:\/\/www.habitissimo.es\/procenter\/wp-content\/uploads\/2020\/10\/caratula-procenter3t.png","type":"image\/png"}],"author":"caloy","twitter_card":"summary_large_image","twitter_creator":"@habitissimo","twitter_site":"@habitissimo","twitter_misc":{"Escrito por":"caloy","Tiempo de lectura":"2 minutos"},"schema":{"@context":"https:\/\/schema.org","@graph":[{"@type":"Article","@id":"https:\/\/www.habitissimo.es\/procenter\/noticias\/informe-trimestral-sobre-la-reforma-q3-2\/#article","isPartOf":{"@id":"https:\/\/www.habitissimo.es\/procenter\/noticias\/informe-trimestral-sobre-la-reforma-q3-2\/"},"author":{"name":"caloy","@id":"https:\/\/www.habitissimo.es\/procenter\/#\/schema\/person\/0ec181df0a8601a41d97247f212f6197"},"headline":"Informe trimestral sobre la Reforma - 3T","datePublished":"2020-10-21T06:00:00+00:00","dateModified":"2024-12-23T10:14:10+00:00","mainEntityOfPage":{"@id":"https:\/\/www.habitissimo.es\/procenter\/noticias\/informe-trimestral-sobre-la-reforma-q3-2\/"},"wordCount":286,"commentCount":0,"publisher":{"@id":"https:\/\/www.habitissimo.es\/procenter\/#organization"},"image":{"@id":"https:\/\/www.habitissimo.es\/procenter\/noticias\/informe-trimestral-sobre-la-reforma-q3-2\/#primaryimage"},"thumbnailUrl":"https:\/\/www.habitissimo.es\/procenter\/wp-content\/uploads\/2020\/10\/caratula-procenter3t.png?wsr","articleSection":["Noticias"],"inLanguage":"es","potentialAction":[{"@type":"CommentAction","name":"Comment","target":["https:\/\/www.habitissimo.es\/procenter\/noticias\/informe-trimestral-sobre-la-reforma-q3-2\/#respond"]}]},{"@type":"WebPage","@id":"https:\/\/www.habitissimo.es\/procenter\/noticias\/informe-trimestral-sobre-la-reforma-q3-2\/","url":"https:\/\/www.habitissimo.es\/procenter\/noticias\/informe-trimestral-sobre-la-reforma-q3-2\/","name":"Informe trimestral sobre la Reforma - 3T | Habitissimo","isPartOf":{"@id":"https:\/\/www.habitissimo.es\/procenter\/#website"},"primaryImageOfPage":{"@id":"https:\/\/www.habitissimo.es\/procenter\/noticias\/informe-trimestral-sobre-la-reforma-q3-2\/#primaryimage"},"image":{"@id":"https:\/\/www.habitissimo.es\/procenter\/noticias\/informe-trimestral-sobre-la-reforma-q3-2\/#primaryimage"},"thumbnailUrl":"https:\/\/www.habitissimo.es\/procenter\/wp-content\/uploads\/2020\/10\/caratula-procenter3t.png?wsr","datePublished":"2020-10-21T06:00:00+00:00","dateModified":"2024-12-23T10:14:10+00:00","description":"habitissimo ha elaborado su&nbsp;Informe trimestral sobre la Reforma - 3T. Adjuntamos algunas de sus conclusiones: El n\u00famero de solicitudes","breadcrumb":{"@id":"https:\/\/www.habitissimo.es\/procenter\/noticias\/informe-trimestral-sobre-la-reforma-q3-2\/#breadcrumb"},"inLanguage":"es","potentialAction":[{"@type":"ReadAction","target":["https:\/\/www.habitissimo.es\/procenter\/noticias\/informe-trimestral-sobre-la-reforma-q3-2\/"]}]},{"@type":"ImageObject","inLanguage":"es","@id":"https:\/\/www.habitissimo.es\/procenter\/noticias\/informe-trimestral-sobre-la-reforma-q3-2\/#primaryimage","url":"https:\/\/www.habitissimo.es\/procenter\/wp-content\/uploads\/2020\/10\/caratula-procenter3t.png?wsr","contentUrl":"https:\/\/www.habitissimo.es\/procenter\/wp-content\/uploads\/2020\/10\/caratula-procenter3t.png?wsr","width":1920,"height":935},{"@type":"BreadcrumbList","@id":"https:\/\/www.habitissimo.es\/procenter\/noticias\/informe-trimestral-sobre-la-reforma-q3-2\/#breadcrumb","itemListElement":[{"@type":"ListItem","position":1,"name":"Inicio","item":"https:\/\/www.habitissimo.es\/procenter\/"},{"@type":"ListItem","position":2,"name":"Noticias","item":"https:\/\/www.habitissimo.es\/procenter\/noticias\/"},{"@type":"ListItem","position":3,"name":"Informe trimestral sobre la Reforma - 3T"}]},{"@type":"WebSite","@id":"https:\/\/www.habitissimo.es\/procenter\/#website","url":"https:\/\/www.habitissimo.es\/procenter\/","name":"Habitissimo","description":"Reformas y Servicios para el Hogar","publisher":{"@id":"https:\/\/www.habitissimo.es\/procenter\/#organization"},"potentialAction":[{"@type":"SearchAction","target":{"@type":"EntryPoint","urlTemplate":"https:\/\/www.habitissimo.es\/procenter\/?s={search_term_string}"},"query-input":{"@type":"PropertyValueSpecification","valueRequired":true,"valueName":"search_term_string"}}],"inLanguage":"es"},{"@type":"Organization","@id":"https:\/\/www.habitissimo.es\/procenter\/#organization","name":"Habitissimo Pro Center","url":"https:\/\/www.habitissimo.es\/procenter\/","logo":{"@type":"ImageObject","inLanguage":"es","@id":"https:\/\/www.habitissimo.es\/procenter\/#\/schema\/logo\/image\/","url":"https:\/\/www.habitissimo.es\/procenter\/wp-content\/uploads\/2020\/05\/logo_pro_center_tagline-1.png","contentUrl":"https:\/\/www.habitissimo.es\/procenter\/wp-content\/uploads\/2020\/05\/logo_pro_center_tagline-1.png","width":243,"height":41,"caption":"Habitissimo Pro Center"},"image":{"@id":"https:\/\/www.habitissimo.es\/procenter\/#\/schema\/logo\/image\/"},"sameAs":["https:\/\/www.facebook.com\/habitissimo\/","https:\/\/x.com\/habitissimo","https:\/\/www.instagram.com\/habitissimo","https:\/\/www.pinterest.com\/habitissimo\/","https:\/\/www.youtube.com\/user\/habitissimo"]},{"@type":"Person","@id":"https:\/\/www.habitissimo.es\/procenter\/#\/schema\/person\/0ec181df0a8601a41d97247f212f6197","name":"caloy","image":{"@type":"ImageObject","inLanguage":"es","@id":"https:\/\/www.habitissimo.es\/procenter\/#\/schema\/person\/image\/","url":"https:\/\/secure.gravatar.com\/avatar\/5b1ce3cdef485277e7f66270000ecadb606f687bbeae16731ca7ef4ec5be3ed3?s=96&d=mm&r=g","contentUrl":"https:\/\/secure.gravatar.com\/avatar\/5b1ce3cdef485277e7f66270000ecadb606f687bbeae16731ca7ef4ec5be3ed3?s=96&d=mm&r=g","caption":"caloy"},"url":"https:\/\/www.habitissimo.es\/procenter\/author\/caloy\/"}]}},"_links":{"self":[{"href":"https:\/\/www.habitissimo.es\/procenter\/wp-json\/wp\/v2\/posts\/2709","targetHints":{"allow":["GET"]}}],"collection":[{"href":"https:\/\/www.habitissimo.es\/procenter\/wp-json\/wp\/v2\/posts"}],"about":[{"href":"https:\/\/www.habitissimo.es\/procenter\/wp-json\/wp\/v2\/types\/post"}],"author":[{"embeddable":true,"href":"https:\/\/www.habitissimo.es\/procenter\/wp-json\/wp\/v2\/users\/7"}],"replies":[{"embeddable":true,"href":"https:\/\/www.habitissimo.es\/procenter\/wp-json\/wp\/v2\/comments?post=2709"}],"version-history":[{"count":2,"href":"https:\/\/www.habitissimo.es\/procenter\/wp-json\/wp\/v2\/posts\/2709\/revisions"}],"predecessor-version":[{"id":6006,"href":"https:\/\/www.habitissimo.es\/procenter\/wp-json\/wp\/v2\/posts\/2709\/revisions\/6006"}],"wp:featuredmedia":[{"embeddable":true,"href":"https:\/\/www.habitissimo.es\/procenter\/wp-json\/wp\/v2\/media\/1660"}],"wp:attachment":[{"href":"https:\/\/www.habitissimo.es\/procenter\/wp-json\/wp\/v2\/media?parent=2709"}],"wp:term":[{"taxonomy":"category","embeddable":true,"href":"https:\/\/www.habitissimo.es\/procenter\/wp-json\/wp\/v2\/categories?post=2709"},{"taxonomy":"post_tag","embeddable":true,"href":"https:\/\/www.habitissimo.es\/procenter\/wp-json\/wp\/v2\/tags?post=2709"}],"curies":[{"name":"wp","href":"https:\/\/api.w.org\/{rel}","templated":true}]}}