{"id":2912,"date":"2021-04-20T11:42:28","date_gmt":"2021-04-20T09:42:28","guid":{"rendered":"https:\/\/procenter.habitissimo.es\/?p=2912"},"modified":"2024-12-23T11:14:10","modified_gmt":"2024-12-23T10:14:10","slug":"informe-sobre-el-estado-del-sector-de-la-reforma-marzo-2021","status":"publish","type":"post","link":"https:\/\/www.habitissimo.es\/procenter\/noticias\/informe-sobre-el-estado-del-sector-de-la-reforma-marzo-2021\/","title":{"rendered":"Informe sobre el estado del sector de la reforma - Marzo 2021"},"content":{"rendered":"\n<figure class=\"wp-block-image size-large\"><img loading=\"lazy\" decoding=\"async\" width=\"1024\" height=\"601\" src=\"https:\/\/www.habitissimo.es\/procenter\/wp-content\/uploads\/2021\/04\/Infografia-marzo-2021-1_pages-to-jpg-0001-1024x601.jpg\" alt=\"\" class=\"wp-image-2934\" srcset=\"https:\/\/www.habitissimo.es\/procenter\/wp-content\/uploads\/2021\/04\/Infografia-marzo-2021-1_pages-to-jpg-0001-1024x601.jpg 1024w, https:\/\/www.habitissimo.es\/procenter\/wp-content\/uploads\/2021\/04\/Infografia-marzo-2021-1_pages-to-jpg-0001-426x250.jpg 426w, https:\/\/www.habitissimo.es\/procenter\/wp-content\/uploads\/2021\/04\/Infografia-marzo-2021-1_pages-to-jpg-0001-150x88.jpg 150w, https:\/\/www.habitissimo.es\/procenter\/wp-content\/uploads\/2021\/04\/Infografia-marzo-2021-1_pages-to-jpg-0001-768x451.jpg 768w, https:\/\/www.habitissimo.es\/procenter\/wp-content\/uploads\/2021\/04\/Infografia-marzo-2021-1_pages-to-jpg-0001-1536x902.jpg 1536w, https:\/\/www.habitissimo.es\/procenter\/wp-content\/uploads\/2021\/04\/Infografia-marzo-2021-1_pages-to-jpg-0001-2048x1202.jpg 2048w, https:\/\/www.habitissimo.es\/procenter\/wp-content\/uploads\/2021\/04\/Infografia-marzo-2021-1_pages-to-jpg-0001-scaled.jpg 2560w\" sizes=\"auto, (max-width: 1024px) 100vw, 1024px\" \/><\/figure>\n\n\n\n<p>habitissimo ha confeccionado su&nbsp;<a href=\"https:\/\/www.habitissimo.es\/procenter\/wp-content\/uploads\/2021\/04\/Informe-sobre-el-sector-de-la-Reforma-Marzo-2021.pdf\">informe mensual para conocer el estado del sector de la reforma y reparaci\u00f3n en Espa\u00f1a durante el mes de marzo de 2021<\/a><a href=\"https:\/\/www.habitissimo.es\/procenter\/wp-content\/uploads\/2021\/03\/Informe-sobre-el-sector-de-la-Reforma-Febrero-2021.pdf\" target=\"_blank\" rel=\"noreferrer noopener\">.<\/a>&nbsp;<\/p>\n\n\n\n<ul class=\"wp-block-list\"><li>Durante el mes de marzo crece <strong>el n\u00famero total de solicitudes en un 47%<\/strong>&nbsp;respecto al mismo mes de marzo de 2020. <\/li><li>Los trabajos m\u00e1s demandados este mes de marzo son relativos a reforma y rehabilitaci\u00f3n, que representan un 55% de las solicitudes de servicio recibidas. Le siguen las peticiones relacionadas con la reparaci\u00f3n y el mantenimiento, con un 23%, las peticiones de otros servicios relacionados con la vivienda, con un 13%, las solicitudes para redacci\u00f3n de proyectos e informes,<br>con un 7% y para realizaci\u00f3n de obra nueva (autopromoci\u00f3n), con un 2%.<\/li><li>Esta primavera m\u00e1s que nunca, los ciudadanos preparan sus viviendas para disfrutar de sus terrazas y jardines (<strong>p\u00e9rgolas, +69% respecto a marzo 2019<\/strong>), as\u00ed como de temperaturas frescas en su interior (<strong>instalaci\u00f3n aire acondicionado, +63% respecto a marzo 2019<\/strong>).<\/li><\/ul>\n\n\n\n<p><a href=\"https:\/\/www.habitissimo.es\/procenter\/documento\/informe-sobre-el-estado-del-sector-de-la-reforma-marzo-2021\/\">M\u00e1s informaci\u00f3n.<\/a><\/p>\n\n\n\n<p><\/p>\n","protected":false},"excerpt":{"rendered":"<p>habitissimo ha confeccionado su&nbsp;informe mensual para conocer el estado del sector de la reforma y reparaci\u00f3n en Espa\u00f1a durante el mes de marzo de 2021.&nbsp; Durante el mes de marzo...<\/p>\n","protected":false},"author":7,"featured_media":2910,"comment_status":"open","ping_status":"open","sticky":false,"template":"","format":"standard","meta":{"_acf_changed":false,"footnotes":""},"categories":[399],"tags":[64,97,62],"class_list":["post-2912","post","type-post","status-publish","format-standard","has-post-thumbnail","hentry","category-noticias","tag-eficiencia-energetica","tag-informes","tag-rehabilitacion"],"acf":[],"yoast_head":"<!-- This site is optimized with the Yoast SEO plugin v26.5 - https:\/\/yoast.com\/wordpress\/plugins\/seo\/ -->\n<title>Informe sobre el estado del sector de la reforma - Marzo 2021 | Habitissimo<\/title>\n<meta name=\"description\" content=\"habitissimo ha confeccionado su&nbsp;informe mensual para conocer el estado del sector de la reforma y reparaci\u00f3n en Espa\u00f1a durante el mes de\" \/>\n<meta name=\"robots\" content=\"index, follow, max-snippet:-1, max-image-preview:large, max-video-preview:-1\" \/>\n<link rel=\"canonical\" href=\"https:\/\/www.habitissimo.es\/procenter\/noticias\/informe-sobre-el-estado-del-sector-de-la-reforma-marzo-2021\/\" \/>\n<meta property=\"og:locale\" content=\"es_ES\" \/>\n<meta property=\"og:type\" content=\"article\" \/>\n<meta property=\"og:title\" content=\"Informe sobre el estado del sector de la reforma - Marzo 2021 | Habitissimo\" \/>\n<meta property=\"og:description\" content=\"habitissimo ha confeccionado su&nbsp;informe mensual para conocer el estado del sector de la reforma y reparaci\u00f3n en Espa\u00f1a durante el mes de\" \/>\n<meta property=\"og:url\" content=\"https:\/\/www.habitissimo.es\/procenter\/noticias\/informe-sobre-el-estado-del-sector-de-la-reforma-marzo-2021\/\" \/>\n<meta property=\"og:site_name\" content=\"Habitissimo\" \/>\n<meta property=\"article:publisher\" content=\"https:\/\/www.facebook.com\/habitissimo\/\" \/>\n<meta property=\"article:published_time\" content=\"2021-04-20T09:42:28+00:00\" \/>\n<meta property=\"article:modified_time\" content=\"2024-12-23T10:14:10+00:00\" \/>\n<meta property=\"og:image\" content=\"https:\/\/www.habitissimo.es\/procenter\/wp-content\/uploads\/2021\/04\/2021-04-19-1-scaled.jpg\" \/>\n\t<meta property=\"og:image:width\" content=\"2560\" \/>\n\t<meta property=\"og:image:height\" content=\"1293\" \/>\n\t<meta property=\"og:image:type\" content=\"image\/jpeg\" \/>\n<meta name=\"author\" content=\"caloy\" \/>\n<meta name=\"twitter:card\" content=\"summary_large_image\" \/>\n<meta name=\"twitter:creator\" content=\"@habitissimo\" \/>\n<meta name=\"twitter:site\" content=\"@habitissimo\" \/>\n<meta name=\"twitter:label1\" content=\"Escrito por\" \/>\n\t<meta name=\"twitter:data1\" content=\"caloy\" \/>\n\t<meta name=\"twitter:label2\" content=\"Tiempo de lectura\" \/>\n\t<meta name=\"twitter:data2\" content=\"1 minuto\" \/>\n<script type=\"application\/ld+json\" class=\"yoast-schema-graph\">{\"@context\":\"https:\/\/schema.org\",\"@graph\":[{\"@type\":\"Article\",\"@id\":\"https:\/\/www.habitissimo.es\/procenter\/noticias\/informe-sobre-el-estado-del-sector-de-la-reforma-marzo-2021\/#article\",\"isPartOf\":{\"@id\":\"https:\/\/www.habitissimo.es\/procenter\/noticias\/informe-sobre-el-estado-del-sector-de-la-reforma-marzo-2021\/\"},\"author\":{\"name\":\"caloy\",\"@id\":\"https:\/\/www.habitissimo.es\/procenter\/#\/schema\/person\/0ec181df0a8601a41d97247f212f6197\"},\"headline\":\"Informe sobre el estado del sector de la reforma - Marzo 2021\",\"datePublished\":\"2021-04-20T09:42:28+00:00\",\"dateModified\":\"2024-12-23T10:14:10+00:00\",\"mainEntityOfPage\":{\"@id\":\"https:\/\/www.habitissimo.es\/procenter\/noticias\/informe-sobre-el-estado-del-sector-de-la-reforma-marzo-2021\/\"},\"wordCount\":176,\"commentCount\":1,\"publisher\":{\"@id\":\"https:\/\/www.habitissimo.es\/procenter\/#organization\"},\"image\":{\"@id\":\"https:\/\/www.habitissimo.es\/procenter\/noticias\/informe-sobre-el-estado-del-sector-de-la-reforma-marzo-2021\/#primaryimage\"},\"thumbnailUrl\":\"https:\/\/www.habitissimo.es\/procenter\/wp-content\/uploads\/2021\/04\/2021-04-19-1-scaled.jpg?wsr\",\"keywords\":[\"Eficiencia energ\u00e9tica\",\"Informes\",\"Rehabilitaci\u00f3n\"],\"articleSection\":[\"Noticias\"],\"inLanguage\":\"es\",\"potentialAction\":[{\"@type\":\"CommentAction\",\"name\":\"Comment\",\"target\":[\"https:\/\/www.habitissimo.es\/procenter\/noticias\/informe-sobre-el-estado-del-sector-de-la-reforma-marzo-2021\/#respond\"]}]},{\"@type\":\"WebPage\",\"@id\":\"https:\/\/www.habitissimo.es\/procenter\/noticias\/informe-sobre-el-estado-del-sector-de-la-reforma-marzo-2021\/\",\"url\":\"https:\/\/www.habitissimo.es\/procenter\/noticias\/informe-sobre-el-estado-del-sector-de-la-reforma-marzo-2021\/\",\"name\":\"Informe sobre el estado del sector de la reforma - Marzo 2021 | Habitissimo\",\"isPartOf\":{\"@id\":\"https:\/\/www.habitissimo.es\/procenter\/#website\"},\"primaryImageOfPage\":{\"@id\":\"https:\/\/www.habitissimo.es\/procenter\/noticias\/informe-sobre-el-estado-del-sector-de-la-reforma-marzo-2021\/#primaryimage\"},\"image\":{\"@id\":\"https:\/\/www.habitissimo.es\/procenter\/noticias\/informe-sobre-el-estado-del-sector-de-la-reforma-marzo-2021\/#primaryimage\"},\"thumbnailUrl\":\"https:\/\/www.habitissimo.es\/procenter\/wp-content\/uploads\/2021\/04\/2021-04-19-1-scaled.jpg?wsr\",\"datePublished\":\"2021-04-20T09:42:28+00:00\",\"dateModified\":\"2024-12-23T10:14:10+00:00\",\"description\":\"habitissimo ha confeccionado su&nbsp;informe mensual para conocer el estado del sector de la reforma y reparaci\u00f3n en Espa\u00f1a durante el mes de\",\"breadcrumb\":{\"@id\":\"https:\/\/www.habitissimo.es\/procenter\/noticias\/informe-sobre-el-estado-del-sector-de-la-reforma-marzo-2021\/#breadcrumb\"},\"inLanguage\":\"es\",\"potentialAction\":[{\"@type\":\"ReadAction\",\"target\":[\"https:\/\/www.habitissimo.es\/procenter\/noticias\/informe-sobre-el-estado-del-sector-de-la-reforma-marzo-2021\/\"]}]},{\"@type\":\"ImageObject\",\"inLanguage\":\"es\",\"@id\":\"https:\/\/www.habitissimo.es\/procenter\/noticias\/informe-sobre-el-estado-del-sector-de-la-reforma-marzo-2021\/#primaryimage\",\"url\":\"https:\/\/www.habitissimo.es\/procenter\/wp-content\/uploads\/2021\/04\/2021-04-19-1-scaled.jpg?wsr\",\"contentUrl\":\"https:\/\/www.habitissimo.es\/procenter\/wp-content\/uploads\/2021\/04\/2021-04-19-1-scaled.jpg?wsr\",\"width\":2560,\"height\":1293},{\"@type\":\"BreadcrumbList\",\"@id\":\"https:\/\/www.habitissimo.es\/procenter\/noticias\/informe-sobre-el-estado-del-sector-de-la-reforma-marzo-2021\/#breadcrumb\",\"itemListElement\":[{\"@type\":\"ListItem\",\"position\":1,\"name\":\"Inicio\",\"item\":\"https:\/\/www.habitissimo.es\/procenter\/\"},{\"@type\":\"ListItem\",\"position\":2,\"name\":\"Noticias\",\"item\":\"https:\/\/www.habitissimo.es\/procenter\/noticias\/\"},{\"@type\":\"ListItem\",\"position\":3,\"name\":\"Informe sobre el estado del sector de la reforma - Marzo 2021\"}]},{\"@type\":\"WebSite\",\"@id\":\"https:\/\/www.habitissimo.es\/procenter\/#website\",\"url\":\"https:\/\/www.habitissimo.es\/procenter\/\",\"name\":\"Habitissimo\",\"description\":\"Reformas y Servicios para el Hogar\",\"publisher\":{\"@id\":\"https:\/\/www.habitissimo.es\/procenter\/#organization\"},\"potentialAction\":[{\"@type\":\"SearchAction\",\"target\":{\"@type\":\"EntryPoint\",\"urlTemplate\":\"https:\/\/www.habitissimo.es\/procenter\/?s={search_term_string}\"},\"query-input\":{\"@type\":\"PropertyValueSpecification\",\"valueRequired\":true,\"valueName\":\"search_term_string\"}}],\"inLanguage\":\"es\"},{\"@type\":\"Organization\",\"@id\":\"https:\/\/www.habitissimo.es\/procenter\/#organization\",\"name\":\"Habitissimo Pro Center\",\"url\":\"https:\/\/www.habitissimo.es\/procenter\/\",\"logo\":{\"@type\":\"ImageObject\",\"inLanguage\":\"es\",\"@id\":\"https:\/\/www.habitissimo.es\/procenter\/#\/schema\/logo\/image\/\",\"url\":\"https:\/\/www.habitissimo.es\/procenter\/wp-content\/uploads\/2020\/05\/logo_pro_center_tagline-1.png\",\"contentUrl\":\"https:\/\/www.habitissimo.es\/procenter\/wp-content\/uploads\/2020\/05\/logo_pro_center_tagline-1.png\",\"width\":243,\"height\":41,\"caption\":\"Habitissimo Pro Center\"},\"image\":{\"@id\":\"https:\/\/www.habitissimo.es\/procenter\/#\/schema\/logo\/image\/\"},\"sameAs\":[\"https:\/\/www.facebook.com\/habitissimo\/\",\"https:\/\/x.com\/habitissimo\",\"https:\/\/www.instagram.com\/habitissimo\",\"https:\/\/www.pinterest.com\/habitissimo\/\",\"https:\/\/www.youtube.com\/user\/habitissimo\"]},{\"@type\":\"Person\",\"@id\":\"https:\/\/www.habitissimo.es\/procenter\/#\/schema\/person\/0ec181df0a8601a41d97247f212f6197\",\"name\":\"caloy\",\"image\":{\"@type\":\"ImageObject\",\"inLanguage\":\"es\",\"@id\":\"https:\/\/www.habitissimo.es\/procenter\/#\/schema\/person\/image\/\",\"url\":\"https:\/\/secure.gravatar.com\/avatar\/5b1ce3cdef485277e7f66270000ecadb606f687bbeae16731ca7ef4ec5be3ed3?s=96&d=mm&r=g\",\"contentUrl\":\"https:\/\/secure.gravatar.com\/avatar\/5b1ce3cdef485277e7f66270000ecadb606f687bbeae16731ca7ef4ec5be3ed3?s=96&d=mm&r=g\",\"caption\":\"caloy\"},\"url\":\"https:\/\/www.habitissimo.es\/procenter\/author\/caloy\/\"}]}<\/script>\n<!-- \/ Yoast SEO plugin. -->","yoast_head_json":{"title":"Informe sobre el estado del sector de la reforma - Marzo 2021 | Habitissimo","description":"habitissimo ha confeccionado su&nbsp;informe mensual para conocer el estado del sector de la reforma y reparaci\u00f3n en Espa\u00f1a durante el mes de","robots":{"index":"index","follow":"follow","max-snippet":"max-snippet:-1","max-image-preview":"max-image-preview:large","max-video-preview":"max-video-preview:-1"},"canonical":"https:\/\/www.habitissimo.es\/procenter\/noticias\/informe-sobre-el-estado-del-sector-de-la-reforma-marzo-2021\/","og_locale":"es_ES","og_type":"article","og_title":"Informe sobre el estado del sector de la reforma - Marzo 2021 | Habitissimo","og_description":"habitissimo ha confeccionado su&nbsp;informe mensual para conocer el estado del sector de la reforma y reparaci\u00f3n en Espa\u00f1a durante el mes de","og_url":"https:\/\/www.habitissimo.es\/procenter\/noticias\/informe-sobre-el-estado-del-sector-de-la-reforma-marzo-2021\/","og_site_name":"Habitissimo","article_publisher":"https:\/\/www.facebook.com\/habitissimo\/","article_published_time":"2021-04-20T09:42:28+00:00","article_modified_time":"2024-12-23T10:14:10+00:00","og_image":[{"width":2560,"height":1293,"url":"https:\/\/www.habitissimo.es\/procenter\/wp-content\/uploads\/2021\/04\/2021-04-19-1-scaled.jpg","type":"image\/jpeg"}],"author":"caloy","twitter_card":"summary_large_image","twitter_creator":"@habitissimo","twitter_site":"@habitissimo","twitter_misc":{"Escrito por":"caloy","Tiempo de lectura":"1 minuto"},"schema":{"@context":"https:\/\/schema.org","@graph":[{"@type":"Article","@id":"https:\/\/www.habitissimo.es\/procenter\/noticias\/informe-sobre-el-estado-del-sector-de-la-reforma-marzo-2021\/#article","isPartOf":{"@id":"https:\/\/www.habitissimo.es\/procenter\/noticias\/informe-sobre-el-estado-del-sector-de-la-reforma-marzo-2021\/"},"author":{"name":"caloy","@id":"https:\/\/www.habitissimo.es\/procenter\/#\/schema\/person\/0ec181df0a8601a41d97247f212f6197"},"headline":"Informe sobre el estado del sector de la reforma - Marzo 2021","datePublished":"2021-04-20T09:42:28+00:00","dateModified":"2024-12-23T10:14:10+00:00","mainEntityOfPage":{"@id":"https:\/\/www.habitissimo.es\/procenter\/noticias\/informe-sobre-el-estado-del-sector-de-la-reforma-marzo-2021\/"},"wordCount":176,"commentCount":1,"publisher":{"@id":"https:\/\/www.habitissimo.es\/procenter\/#organization"},"image":{"@id":"https:\/\/www.habitissimo.es\/procenter\/noticias\/informe-sobre-el-estado-del-sector-de-la-reforma-marzo-2021\/#primaryimage"},"thumbnailUrl":"https:\/\/www.habitissimo.es\/procenter\/wp-content\/uploads\/2021\/04\/2021-04-19-1-scaled.jpg?wsr","keywords":["Eficiencia energ\u00e9tica","Informes","Rehabilitaci\u00f3n"],"articleSection":["Noticias"],"inLanguage":"es","potentialAction":[{"@type":"CommentAction","name":"Comment","target":["https:\/\/www.habitissimo.es\/procenter\/noticias\/informe-sobre-el-estado-del-sector-de-la-reforma-marzo-2021\/#respond"]}]},{"@type":"WebPage","@id":"https:\/\/www.habitissimo.es\/procenter\/noticias\/informe-sobre-el-estado-del-sector-de-la-reforma-marzo-2021\/","url":"https:\/\/www.habitissimo.es\/procenter\/noticias\/informe-sobre-el-estado-del-sector-de-la-reforma-marzo-2021\/","name":"Informe sobre el estado del sector de la reforma - Marzo 2021 | Habitissimo","isPartOf":{"@id":"https:\/\/www.habitissimo.es\/procenter\/#website"},"primaryImageOfPage":{"@id":"https:\/\/www.habitissimo.es\/procenter\/noticias\/informe-sobre-el-estado-del-sector-de-la-reforma-marzo-2021\/#primaryimage"},"image":{"@id":"https:\/\/www.habitissimo.es\/procenter\/noticias\/informe-sobre-el-estado-del-sector-de-la-reforma-marzo-2021\/#primaryimage"},"thumbnailUrl":"https:\/\/www.habitissimo.es\/procenter\/wp-content\/uploads\/2021\/04\/2021-04-19-1-scaled.jpg?wsr","datePublished":"2021-04-20T09:42:28+00:00","dateModified":"2024-12-23T10:14:10+00:00","description":"habitissimo ha confeccionado su&nbsp;informe mensual para conocer el estado del sector de la reforma y reparaci\u00f3n en Espa\u00f1a durante el mes de","breadcrumb":{"@id":"https:\/\/www.habitissimo.es\/procenter\/noticias\/informe-sobre-el-estado-del-sector-de-la-reforma-marzo-2021\/#breadcrumb"},"inLanguage":"es","potentialAction":[{"@type":"ReadAction","target":["https:\/\/www.habitissimo.es\/procenter\/noticias\/informe-sobre-el-estado-del-sector-de-la-reforma-marzo-2021\/"]}]},{"@type":"ImageObject","inLanguage":"es","@id":"https:\/\/www.habitissimo.es\/procenter\/noticias\/informe-sobre-el-estado-del-sector-de-la-reforma-marzo-2021\/#primaryimage","url":"https:\/\/www.habitissimo.es\/procenter\/wp-content\/uploads\/2021\/04\/2021-04-19-1-scaled.jpg?wsr","contentUrl":"https:\/\/www.habitissimo.es\/procenter\/wp-content\/uploads\/2021\/04\/2021-04-19-1-scaled.jpg?wsr","width":2560,"height":1293},{"@type":"BreadcrumbList","@id":"https:\/\/www.habitissimo.es\/procenter\/noticias\/informe-sobre-el-estado-del-sector-de-la-reforma-marzo-2021\/#breadcrumb","itemListElement":[{"@type":"ListItem","position":1,"name":"Inicio","item":"https:\/\/www.habitissimo.es\/procenter\/"},{"@type":"ListItem","position":2,"name":"Noticias","item":"https:\/\/www.habitissimo.es\/procenter\/noticias\/"},{"@type":"ListItem","position":3,"name":"Informe sobre el estado del sector de la reforma - Marzo 2021"}]},{"@type":"WebSite","@id":"https:\/\/www.habitissimo.es\/procenter\/#website","url":"https:\/\/www.habitissimo.es\/procenter\/","name":"Habitissimo","description":"Reformas y Servicios para el Hogar","publisher":{"@id":"https:\/\/www.habitissimo.es\/procenter\/#organization"},"potentialAction":[{"@type":"SearchAction","target":{"@type":"EntryPoint","urlTemplate":"https:\/\/www.habitissimo.es\/procenter\/?s={search_term_string}"},"query-input":{"@type":"PropertyValueSpecification","valueRequired":true,"valueName":"search_term_string"}}],"inLanguage":"es"},{"@type":"Organization","@id":"https:\/\/www.habitissimo.es\/procenter\/#organization","name":"Habitissimo Pro Center","url":"https:\/\/www.habitissimo.es\/procenter\/","logo":{"@type":"ImageObject","inLanguage":"es","@id":"https:\/\/www.habitissimo.es\/procenter\/#\/schema\/logo\/image\/","url":"https:\/\/www.habitissimo.es\/procenter\/wp-content\/uploads\/2020\/05\/logo_pro_center_tagline-1.png","contentUrl":"https:\/\/www.habitissimo.es\/procenter\/wp-content\/uploads\/2020\/05\/logo_pro_center_tagline-1.png","width":243,"height":41,"caption":"Habitissimo Pro Center"},"image":{"@id":"https:\/\/www.habitissimo.es\/procenter\/#\/schema\/logo\/image\/"},"sameAs":["https:\/\/www.facebook.com\/habitissimo\/","https:\/\/x.com\/habitissimo","https:\/\/www.instagram.com\/habitissimo","https:\/\/www.pinterest.com\/habitissimo\/","https:\/\/www.youtube.com\/user\/habitissimo"]},{"@type":"Person","@id":"https:\/\/www.habitissimo.es\/procenter\/#\/schema\/person\/0ec181df0a8601a41d97247f212f6197","name":"caloy","image":{"@type":"ImageObject","inLanguage":"es","@id":"https:\/\/www.habitissimo.es\/procenter\/#\/schema\/person\/image\/","url":"https:\/\/secure.gravatar.com\/avatar\/5b1ce3cdef485277e7f66270000ecadb606f687bbeae16731ca7ef4ec5be3ed3?s=96&d=mm&r=g","contentUrl":"https:\/\/secure.gravatar.com\/avatar\/5b1ce3cdef485277e7f66270000ecadb606f687bbeae16731ca7ef4ec5be3ed3?s=96&d=mm&r=g","caption":"caloy"},"url":"https:\/\/www.habitissimo.es\/procenter\/author\/caloy\/"}]}},"_links":{"self":[{"href":"https:\/\/www.habitissimo.es\/procenter\/wp-json\/wp\/v2\/posts\/2912","targetHints":{"allow":["GET"]}}],"collection":[{"href":"https:\/\/www.habitissimo.es\/procenter\/wp-json\/wp\/v2\/posts"}],"about":[{"href":"https:\/\/www.habitissimo.es\/procenter\/wp-json\/wp\/v2\/types\/post"}],"author":[{"embeddable":true,"href":"https:\/\/www.habitissimo.es\/procenter\/wp-json\/wp\/v2\/users\/7"}],"replies":[{"embeddable":true,"href":"https:\/\/www.habitissimo.es\/procenter\/wp-json\/wp\/v2\/comments?post=2912"}],"version-history":[{"count":6,"href":"https:\/\/www.habitissimo.es\/procenter\/wp-json\/wp\/v2\/posts\/2912\/revisions"}],"predecessor-version":[{"id":5998,"href":"https:\/\/www.habitissimo.es\/procenter\/wp-json\/wp\/v2\/posts\/2912\/revisions\/5998"}],"wp:featuredmedia":[{"embeddable":true,"href":"https:\/\/www.habitissimo.es\/procenter\/wp-json\/wp\/v2\/media\/2910"}],"wp:attachment":[{"href":"https:\/\/www.habitissimo.es\/procenter\/wp-json\/wp\/v2\/media?parent=2912"}],"wp:term":[{"taxonomy":"category","embeddable":true,"href":"https:\/\/www.habitissimo.es\/procenter\/wp-json\/wp\/v2\/categories?post=2912"},{"taxonomy":"post_tag","embeddable":true,"href":"https:\/\/www.habitissimo.es\/procenter\/wp-json\/wp\/v2\/tags?post=2912"}],"curies":[{"name":"wp","href":"https:\/\/api.w.org\/{rel}","templated":true}]}}